{"id":49619,"date":"2018-04-03T15:21:49","date_gmt":"2018-04-03T13:21:49","guid":{"rendered":"http:\/\/www.kiekrin-weinhandlung.de\/?p=49619"},"modified":"2018-04-03T15:21:49","modified_gmt":"2018-04-03T13:21:49","slug":"der-wein-und-die-zeit","status":"publish","type":"post","link":"https:\/\/www.kiekrin-weinhandlung.de\/?p=49619","title":{"rendered":"Der Wein und die Zeit \u2026"},"content":{"rendered":"<p class=\"bodytext\">Liebe Weinfreunde!<\/p>\n<p class=\"bodytext\">Zeit, ist Zeit noch ein Thema? Ich finde schon. Ich nehme mir die Zeit&#8230;f\u00fcr meine Familie, f\u00fcr Freunde, f\u00fcr meine Mitarbeiter, f\u00fcr ein Buch und f\u00fcr Vieles mehr.\u00e2\u20ac\u00a8Ich trinke gerade einen 2 Jahre alten Weisswein von &#8222;Brocard&#8220;, einen Chablis. Der alles hat, was ein guter Wein haben sollte. Dieser Wein hatte Zeit! Und ich w\u00fcnsche ihm noch mehr Zeit. Vielleicht hat er in 2 Jahren seine Reife erreicht und wird dann langsam dem Alter entgegen gehen, aber jetzt ist noch die Zeit der Reife. Diese Zeit g\u00f6nne ich dem Wein.\u00e2\u20ac\u00a8Immer h\u00e4ufiger werden Weine &#8222;produziert&#8220; die &#8222;frisch&#8220; getrunken werden m\u00fcssen. Immer h\u00e4ufiger wollen Kunden keine Weissweine haben, die &#8222;schon&#8220; \u00fcber 1 Jahr alt sind. Jung, spritzig, frisch&#8230;ja, der &#8222;Jugendwahn&#8220; hat auch\u00a0l\u00e4ngst den Wein erreicht. Auch bei Rotweinen werden Geschmacksrichtungen produziert die &#8222;sofort&#8220;\u00a0trinkbar sind. Ernten, ab in den Keller, fertig machen, trinken. Schmeckts? Ja, schmeckt alles, jugendlich, wild, zeitlos!<\/p>\n<p class=\"bodytext\">Wir brauchen Zeit! Auch der Wein. Ein Wein, der nach 2, 3 oder 4 Jahren alt und fade schmeckt, ist eigentlich gar\u00a0kein Wein. Es ist ein Industrieprodukt, wie viele andere Lebensmittel auch. Man kann davon betrunken werden, aber geniessen hat was mit Zeit zu tun.\u00e2\u20ac\u00a8Oh Gott! Damals, es ist noch nicht so lange her&#8230;ein Wein musste reifen, erst dann wollte man den trinken.\u00a0Weine lagern Jahre im Keller, was f\u00fcr eine Romantik! Da war dann dieser &#8222;plopp&#8220; mit dem Korken, diese and\u00e4chtige Ruhe, diese kurze Zeit der Erwartung, diese Stille, bis endlich der Wein in die Gl\u00e4ser floss und wir anstossen konnten\u00a0um den Wein zu geniessen, voller Ehrfurcht.\u00a0Reif musste der Wein sein, eine Zeitreise sollte er uns schenken &#8211; kurzum, wir wollen das Weine Zeit haben. Lassen Sie sich nicht vom &#8222;Jugendwahn&#8220; verf\u00fchren.<\/p>\n<p class=\"bodytext\">Ein anderes Thema, was auch mit Zeit zu tun hat, sind die Mitarbeiter, das Team im Kiek Rin, sie sind nicht best\u00e4ndig. Heisst, es gibt immer viele Tr\u00e4nen, wenn jemand geht, heisst aber auch Freude, wenn jemand Neues kommt. In diesem Sinne ist es ja auch schon, wenn immer wieder neue Gesichter neue Geschichten erz\u00e4hlen k\u00f6nnen. Ein Fachgesch\u00e4ft lebt von seinen Kunden und den\/der Verk\u00e4ufer\/in, die oft wirklich pers\u00f6nliche Bindungen eingehen. Wundersch\u00f6n! Ich denke wir w\u00fcnschen uns alle mehr Gesch\u00e4fte die dieses pflegen. Gehen Sie in Gesch\u00e4ften rein, wo Menschen f\u00fcr Sie Zeit haben (wenn Sie selbst Zeit haben&#8230;)!<\/p>\n<p class=\"bodytext\">Also&#8230;Zeit ist alles!<\/p>\n","protected":false},"excerpt":{"rendered":"<p>Liebe Weinfreunde! Zeit, ist Zeit noch ein Thema? Ich finde schon. Ich nehme mir die Zeit&#8230;f\u00fcr meine Familie, f\u00fcr Freunde, f\u00fcr meine Mitarbeiter, f\u00fcr ein Buch und f\u00fcr Vieles mehr.\u00e2\u20ac\u00a8Ich trinke gerade einen 2 Jahre alten Weisswein von &#8222;Brocard&#8220;, einen Chablis. Der alles hat, was ein guter Wein haben sollte. Dieser Wein hatte Zeit! Und [&hellip;]<\/p>\n","protected":false},"author":1,"featured_media":0,"comment_status":"closed","ping_status":"closed","sticky":false,"template":"","format":"standard","meta":{"_et_pb_use_builder":"","_et_pb_old_content":"","_et_gb_content_width":"","footnotes":""},"categories":[10],"tags":[],"class_list":["post-49619","post","type-post","status-publish","format-standard","hentry","category-kalle"],"_links":{"self":[{"href":"https:\/\/www.kiekrin-weinhandlung.de\/index.php?rest_route=\/wp\/v2\/posts\/49619","targetHints":{"allow":["GET"]}}],"collection":[{"href":"https:\/\/www.kiekrin-weinhandlung.de\/index.php?rest_route=\/wp\/v2\/posts"}],"about":[{"href":"https:\/\/www.kiekrin-weinhandlung.de\/index.php?rest_route=\/wp\/v2\/types\/post"}],"author":[{"embeddable":true,"href":"https:\/\/www.kiekrin-weinhandlung.de\/index.php?rest_route=\/wp\/v2\/users\/1"}],"replies":[{"embeddable":true,"href":"https:\/\/www.kiekrin-weinhandlung.de\/index.php?rest_route=%2Fwp%2Fv2%2Fcomments&post=49619"}],"version-history":[{"count":1,"href":"https:\/\/www.kiekrin-weinhandlung.de\/index.php?rest_route=\/wp\/v2\/posts\/49619\/revisions"}],"predecessor-version":[{"id":49620,"href":"https:\/\/www.kiekrin-weinhandlung.de\/index.php?rest_route=\/wp\/v2\/posts\/49619\/revisions\/49620"}],"wp:attachment":[{"href":"https:\/\/www.kiekrin-weinhandlung.de\/index.php?rest_route=%2Fwp%2Fv2%2Fmedia&parent=49619"}],"wp:term":[{"taxonomy":"category","embeddable":true,"href":"https:\/\/www.kiekrin-weinhandlung.de\/index.php?rest_route=%2Fwp%2Fv2%2Fcategories&post=49619"},{"taxonomy":"post_tag","embeddable":true,"href":"https:\/\/www.kiekrin-weinhandlung.de\/index.php?rest_route=%2Fwp%2Fv2%2Ftags&post=49619"}],"curies":[{"name":"wp","href":"https:\/\/api.w.org\/{rel}","templated":true}]}}