{"id":49601,"date":"2018-04-03T14:44:19","date_gmt":"2018-04-03T12:44:19","guid":{"rendered":"http:\/\/www.kiekrin-weinhandlung.de\/?p=49601"},"modified":"2018-04-03T14:44:19","modified_gmt":"2018-04-03T12:44:19","slug":"lebenslanglich-gluck","status":"publish","type":"post","link":"https:\/\/www.kiekrin-weinhandlung.de\/?p=49601","title":{"rendered":"Lebensl\u00e4nglich. Gl\u00fcck."},"content":{"rendered":"<p>Nun ist es Fr\u00fchling und ich habe schon wieder einen Roten im Glas. Domaine la Fond 2012er Chateauneuf-du-Pape. Die Rhone ist das eigentliche Zauberland f\u00fcr Wein, wenn man noch das Beaujolais und die Bourgogne ranh\u00e4ngt, hei\u00dft das f\u00fcr Rotweinliebhaber &#8211; LEBENSL\u00c4NGLICH. GL\u00dcCK.<br \/>\nLa Fond haben wir ja schon vor einem Jahr als ein\u00b4s meiner Lieblingsweing\u00fcter vorgestellt. Nun mu\u00df das aber noch mal sein, weil, ihr habt zu wenig gekauft und ich mu\u00dfte von dem guten Bio-Stoff zuviel selber trinken. Das war nun nicht gerade unangenehm, aber schade f\u00fcr Euch, das ihr euch diese Weine habt entgehen lassen.<br \/>\nGrenache und Syrah tanzen an unserem Gaumen und mein Liebling Mourv\u00e9dre gibt diesem Wein nochmal den \u00a0richtigen Kick. Wein pur. Tiefes Rubinrot, viele schwarze Fr\u00fcchte, warmes Mundgef\u00fchl. Weine nicht wenn das Glas leer ist. Es war einfach nur sch\u00f6n. O.K. der Wein hat seinen Preis. La Fond macht einen fruchtigen Cotes du Rhone, geschmeidigen Lirac, da k\u00f6nnt ihr Euch g\u00fcnstig ran probieren. Und Urlaub? Immer an der Rhone lang und rechts und links alle Weinbauregionen besuchen. Das ist eine Reise wert. Zur Belohnung gibt es dann einen Tavel Rose, das ist schon Sommer. Der S\u00fcden.<\/p>\n","protected":false},"excerpt":{"rendered":"<p>Nun ist es Fr\u00fchling und ich habe schon wieder einen Roten im Glas. Domaine la Fond 2012er Chateauneuf-du-Pape. Die Rhone ist das eigentliche Zauberland f\u00fcr Wein, wenn man noch das Beaujolais und die Bourgogne ranh\u00e4ngt, hei\u00dft das f\u00fcr Rotweinliebhaber &#8211; LEBENSL\u00c4NGLICH. GL\u00dcCK. La Fond haben wir ja schon vor einem Jahr als ein\u00b4s meiner Lieblingsweing\u00fcter [&hellip;]<\/p>\n","protected":false},"author":1,"featured_media":0,"comment_status":"closed","ping_status":"closed","sticky":false,"template":"","format":"standard","meta":{"_et_pb_use_builder":"","_et_pb_old_content":"","_et_gb_content_width":"","footnotes":""},"categories":[10],"tags":[],"class_list":["post-49601","post","type-post","status-publish","format-standard","hentry","category-kalle"],"_links":{"self":[{"href":"https:\/\/www.kiekrin-weinhandlung.de\/index.php?rest_route=\/wp\/v2\/posts\/49601","targetHints":{"allow":["GET"]}}],"collection":[{"href":"https:\/\/www.kiekrin-weinhandlung.de\/index.php?rest_route=\/wp\/v2\/posts"}],"about":[{"href":"https:\/\/www.kiekrin-weinhandlung.de\/index.php?rest_route=\/wp\/v2\/types\/post"}],"author":[{"embeddable":true,"href":"https:\/\/www.kiekrin-weinhandlung.de\/index.php?rest_route=\/wp\/v2\/users\/1"}],"replies":[{"embeddable":true,"href":"https:\/\/www.kiekrin-weinhandlung.de\/index.php?rest_route=%2Fwp%2Fv2%2Fcomments&post=49601"}],"version-history":[{"count":1,"href":"https:\/\/www.kiekrin-weinhandlung.de\/index.php?rest_route=\/wp\/v2\/posts\/49601\/revisions"}],"predecessor-version":[{"id":49602,"href":"https:\/\/www.kiekrin-weinhandlung.de\/index.php?rest_route=\/wp\/v2\/posts\/49601\/revisions\/49602"}],"wp:attachment":[{"href":"https:\/\/www.kiekrin-weinhandlung.de\/index.php?rest_route=%2Fwp%2Fv2%2Fmedia&parent=49601"}],"wp:term":[{"taxonomy":"category","embeddable":true,"href":"https:\/\/www.kiekrin-weinhandlung.de\/index.php?rest_route=%2Fwp%2Fv2%2Fcategories&post=49601"},{"taxonomy":"post_tag","embeddable":true,"href":"https:\/\/www.kiekrin-weinhandlung.de\/index.php?rest_route=%2Fwp%2Fv2%2Ftags&post=49601"}],"curies":[{"name":"wp","href":"https:\/\/api.w.org\/{rel}","templated":true}]}}