{"id":49591,"date":"2018-04-03T14:36:41","date_gmt":"2018-04-03T12:36:41","guid":{"rendered":"http:\/\/www.kiekrin-weinhandlung.de\/?p=49591"},"modified":"2018-04-03T14:36:41","modified_gmt":"2018-04-03T12:36:41","slug":"den-wein-fur-den-winter","status":"publish","type":"post","link":"https:\/\/www.kiekrin-weinhandlung.de\/?p=49591","title":{"rendered":"Den Wein f\u00fcr den Winter \u2026"},"content":{"rendered":"<p class=\"bodytext\">Am s\u00fcdlichem Gardasee in den H\u00fcgeln um Peschiera del Garda liegt das Weinanbaugebiet Lugana. Eigentlich dachte ich immer, diese Weine schmecken nur am Gardasee, Sommer, Urlaub.<\/p>\n<p class=\"bodytext\">Nun ist Winter und ich gucke in den K\u00fchlschrank, da steht ein Fl\u00e4schchen Trebbiano di Lugana von Gioseppe Campagnola. Also ran an\u00b4s Fl\u00e4schchen, die Flasche sieht etwas gedrungen aus.<\/p>\n<p class=\"bodytext\">Schon die Frabe im Glas l\u00e4st vermuten, dass es sich nicht um einen dieser vielen d\u00fcnnen bekannten Trebbiano Weinen handelt.<\/p>\n<p class=\"bodytext\">Sattes strohgelb glitzert im Glas, das Aroma von gr\u00fcnen Apfel, etwas Pfirsich l\u00e4d wirklich zum trinken ein. Gut gek\u00fchlt nehme ich einen Schluck, das Aroma noch in der Nase, kommt dieser Wein fruchtig frisch im Mund und mit einem sch\u00f6nen S\u00e4urespiegel l\u00e4st dieser Wein mich an den Sommer denken.<\/p>\n<p class=\"bodytext\">Preisleistung toll, die Flasche, naja, l\u00e4sst sich sicher ausgetrunken noch als Blumenvase verwenden.<\/p>\n","protected":false},"excerpt":{"rendered":"<p>Am s\u00fcdlichem Gardasee in den H\u00fcgeln um Peschiera del Garda liegt das Weinanbaugebiet Lugana. Eigentlich dachte ich immer, diese Weine schmecken nur am Gardasee, Sommer, Urlaub. Nun ist Winter und ich gucke in den K\u00fchlschrank, da steht ein Fl\u00e4schchen Trebbiano di Lugana von Gioseppe Campagnola. Also ran an\u00b4s Fl\u00e4schchen, die Flasche sieht etwas gedrungen aus. [&hellip;]<\/p>\n","protected":false},"author":1,"featured_media":0,"comment_status":"closed","ping_status":"closed","sticky":false,"template":"","format":"standard","meta":{"_et_pb_use_builder":"","_et_pb_old_content":"","_et_gb_content_width":"","footnotes":""},"categories":[10],"tags":[],"class_list":["post-49591","post","type-post","status-publish","format-standard","hentry","category-kalle"],"_links":{"self":[{"href":"https:\/\/www.kiekrin-weinhandlung.de\/index.php?rest_route=\/wp\/v2\/posts\/49591","targetHints":{"allow":["GET"]}}],"collection":[{"href":"https:\/\/www.kiekrin-weinhandlung.de\/index.php?rest_route=\/wp\/v2\/posts"}],"about":[{"href":"https:\/\/www.kiekrin-weinhandlung.de\/index.php?rest_route=\/wp\/v2\/types\/post"}],"author":[{"embeddable":true,"href":"https:\/\/www.kiekrin-weinhandlung.de\/index.php?rest_route=\/wp\/v2\/users\/1"}],"replies":[{"embeddable":true,"href":"https:\/\/www.kiekrin-weinhandlung.de\/index.php?rest_route=%2Fwp%2Fv2%2Fcomments&post=49591"}],"version-history":[{"count":1,"href":"https:\/\/www.kiekrin-weinhandlung.de\/index.php?rest_route=\/wp\/v2\/posts\/49591\/revisions"}],"predecessor-version":[{"id":49592,"href":"https:\/\/www.kiekrin-weinhandlung.de\/index.php?rest_route=\/wp\/v2\/posts\/49591\/revisions\/49592"}],"wp:attachment":[{"href":"https:\/\/www.kiekrin-weinhandlung.de\/index.php?rest_route=%2Fwp%2Fv2%2Fmedia&parent=49591"}],"wp:term":[{"taxonomy":"category","embeddable":true,"href":"https:\/\/www.kiekrin-weinhandlung.de\/index.php?rest_route=%2Fwp%2Fv2%2Fcategories&post=49591"},{"taxonomy":"post_tag","embeddable":true,"href":"https:\/\/www.kiekrin-weinhandlung.de\/index.php?rest_route=%2Fwp%2Fv2%2Ftags&post=49591"}],"curies":[{"name":"wp","href":"https:\/\/api.w.org\/{rel}","templated":true}]}}